{"id":208,"date":"2024-02-14T23:15:41","date_gmt":"2024-02-14T22:15:41","guid":{"rendered":"https:\/\/viveromartinez.es\/?p=208"},"modified":"2024-02-14T23:18:13","modified_gmt":"2024-02-14T22:18:13","slug":"dracena-marginata","status":"publish","type":"post","link":"https:\/\/viveromartinez.es\/index.php\/2024\/02\/14\/dracena-marginata\/","title":{"rendered":"Dr\u00e1cena marginata"},"content":{"rendered":"\n<figure class=\"wp-block-gallery has-nested-images columns-default is-cropped wp-block-gallery-1 is-layout-flex wp-block-gallery-is-layout-flex\">\n<figure class=\"wp-block-image size-large has-custom-border is-style-default\"><img loading=\"lazy\" decoding=\"async\" width=\"1024\" height=\"867\" data-id=\"210\" src=\"http:\/\/viveromartinez.es\/wp-content\/uploads\/2024\/02\/dra\u0301cena-1024x867.jpeg\" alt=\"\" class=\"wp-image-210\" style=\"border-style:none;border-width:0px\" srcset=\"https:\/\/viveromartinez.es\/wp-content\/uploads\/2024\/02\/dra\u0301cena-1024x867.jpeg 1024w, https:\/\/viveromartinez.es\/wp-content\/uploads\/2024\/02\/dra\u0301cena-300x254.jpeg 300w, https:\/\/viveromartinez.es\/wp-content\/uploads\/2024\/02\/dra\u0301cena-768x650.jpeg 768w, https:\/\/viveromartinez.es\/wp-content\/uploads\/2024\/02\/dra\u0301cena-1536x1300.jpeg 1536w, https:\/\/viveromartinez.es\/wp-content\/uploads\/2024\/02\/dra\u0301cena.jpeg 1600w\" sizes=\"auto, (max-width: 1024px) 100vw, 1024px\" \/><\/figure>\n<\/figure>\n\n\n\n<p>Es una de las\u00a0<strong>plantas de interior<\/strong>\u00a0que podr\u00edamos considerar perfectas. No solo es hermosa y sumamente decorativa: adem\u00e1s, tiene una incre\u00edble capacidad de desarrollo en nuestro hogar, adapt\u00e1ndose a las mil maravillas a sus condiciones. Por si estas razones no fueran suficientes, hay una m\u00e1s para decantarse por ella: los\u00a0<strong>cuidados de la Dracaena Marginata<\/strong>\u00a0son perfectamente asumibles para cualquiera, tanto si nos iniciamos en el mundo de las plantas como si ya tenemos experiencia.<\/p>\n\n\n\n<p><strong>CLAVES EN LOS CUIDADOS DE LA DRACAENA MARGINATA<\/strong>:<\/p>\n\n\n\n<ol class=\"wp-block-list\">\n<li>Buena iluminaci\u00f3n, fundamental para su crecimiento<\/li>\n\n\n\n<li>Temperatura c\u00e1lida y estable, un imprescindible<\/li>\n\n\n\n<li>Sustrato espec\u00edfico, un detalle que no podemos desatender<\/li>\n\n\n\n<li>Riego moderado y humedad ambiental, dos de los cuidados de la Dracaena Marginata m\u00e1s delicados<\/li>\n\n\n\n<li>Abonado en meses de crecimiento, una labor para no olvidar<\/li>\n\n\n\n<li>Plagas, un aspecto a tener a raya<\/li>\n\n\n\n<li>Trasplante cada 3 a\u00f1os, el \u00faltimo de los cuidados de la Dracaena Marginata que hemos de conocer<\/li>\n<\/ol>\n\n\n\n<p>Ven a visitarnos para descubrir m\u00e1s sobre la<strong> <\/strong>DR\u00c1CAENA MARGINATA.<\/p>\n","protected":false},"excerpt":{"rendered":"<p>Es una de las\u00a0plantas de interior\u00a0que podr\u00edamos considerar perfectas. No solo es hermosa y sumamente decorativa: adem\u00e1s, tiene una incre\u00edble capacidad de desarrollo en nuestro hogar, adapt\u00e1ndose a las mil maravillas a sus condiciones. Por si estas razones no fueran suficientes, hay una m\u00e1s para decantarse por ella: los\u00a0cuidados de la Dracaena Marginata\u00a0son perfectamente asumibles [&hellip;]<\/p>\n","protected":false},"author":1,"featured_media":210,"comment_status":"closed","ping_status":"open","sticky":false,"template":"","format":"standard","meta":{"_uag_custom_page_level_css":"","_joinchat":[],"footnotes":""},"categories":[1],"tags":[],"class_list":["post-208","post","type-post","status-publish","format-standard","has-post-thumbnail","hentry","category-sin-categoria"],"yoast_head":"<!-- This site is optimized with the Yoast SEO plugin v27.0 - https:\/\/yoast.com\/product\/yoast-seo-wordpress\/ -->\n<title>Dr\u00e1cena marginata - VIVERO EN ELCHE - VIVERO MARTINEZ<\/title>\n<meta name=\"robots\" content=\"index, follow, max-snippet:-1, max-image-preview:large, max-video-preview:-1\" \/>\n<link rel=\"canonical\" href=\"https:\/\/viveromartinez.es\/index.php\/2024\/02\/14\/dracena-marginata\/\" \/>\n<meta property=\"og:locale\" content=\"es_ES\" \/>\n<meta property=\"og:type\" content=\"article\" \/>\n<meta property=\"og:title\" content=\"Dr\u00e1cena marginata - VIVERO EN ELCHE - VIVERO MARTINEZ\" \/>\n<meta property=\"og:description\" content=\"Es una de las\u00a0plantas de interior\u00a0que podr\u00edamos considerar perfectas. No solo es hermosa y sumamente decorativa: adem\u00e1s, tiene una incre\u00edble capacidad de desarrollo en nuestro hogar, adapt\u00e1ndose a las mil maravillas a sus condiciones. Por si estas razones no fueran suficientes, hay una m\u00e1s para decantarse por ella: los\u00a0cuidados de la Dracaena Marginata\u00a0son perfectamente asumibles [&hellip;]\" \/>\n<meta property=\"og:url\" content=\"https:\/\/viveromartinez.es\/index.php\/2024\/02\/14\/dracena-marginata\/\" \/>\n<meta property=\"og:site_name\" content=\"VIVERO EN ELCHE - VIVERO MARTINEZ\" \/>\n<meta property=\"article:published_time\" content=\"2024-02-14T22:15:41+00:00\" \/>\n<meta property=\"article:modified_time\" content=\"2024-02-14T22:18:13+00:00\" \/>\n<meta property=\"og:image\" content=\"http:\/\/viveromartinez.es\/wp-content\/uploads\/2024\/02\/dra\u0301cena.jpeg\" \/>\n\t<meta property=\"og:image:width\" content=\"1600\" \/>\n\t<meta property=\"og:image:height\" content=\"1354\" \/>\n\t<meta property=\"og:image:type\" content=\"image\/jpeg\" \/>\n<meta name=\"author\" content=\"vivero-admin\" \/>\n<meta name=\"twitter:card\" content=\"summary_large_image\" \/>\n<meta name=\"twitter:label1\" content=\"Escrito por\" \/>\n\t<meta name=\"twitter:data1\" content=\"vivero-admin\" \/>\n\t<meta name=\"twitter:label2\" content=\"Tiempo de lectura\" \/>\n\t<meta name=\"twitter:data2\" content=\"1 minuto\" \/>\n<script type=\"application\/ld+json\" class=\"yoast-schema-graph\">{\"@context\":\"https:\/\/schema.org\",\"@graph\":[{\"@type\":\"Article\",\"@id\":\"https:\/\/viveromartinez.es\/index.php\/2024\/02\/14\/dracena-marginata\/#article\",\"isPartOf\":{\"@id\":\"https:\/\/viveromartinez.es\/index.php\/2024\/02\/14\/dracena-marginata\/\"},\"author\":{\"name\":\"vivero-admin\",\"@id\":\"https:\/\/viveromartinez.es\/#\/schema\/person\/fcf74519369c5f3ea475bdbdfb10e0c2\"},\"headline\":\"Dr\u00e1cena marginata\",\"datePublished\":\"2024-02-14T22:15:41+00:00\",\"dateModified\":\"2024-02-14T22:18:13+00:00\",\"mainEntityOfPage\":{\"@id\":\"https:\/\/viveromartinez.es\/index.php\/2024\/02\/14\/dracena-marginata\/\"},\"wordCount\":177,\"publisher\":{\"@id\":\"https:\/\/viveromartinez.es\/#organization\"},\"image\":{\"@id\":\"https:\/\/viveromartinez.es\/index.php\/2024\/02\/14\/dracena-marginata\/#primaryimage\"},\"thumbnailUrl\":\"https:\/\/viveromartinez.es\/wp-content\/uploads\/2024\/02\/dra\u0301cena.jpeg\",\"inLanguage\":\"es\"},{\"@type\":\"WebPage\",\"@id\":\"https:\/\/viveromartinez.es\/index.php\/2024\/02\/14\/dracena-marginata\/\",\"url\":\"https:\/\/viveromartinez.es\/index.php\/2024\/02\/14\/dracena-marginata\/\",\"name\":\"Dr\u00e1cena marginata - VIVERO EN ELCHE - VIVERO MARTINEZ\",\"isPartOf\":{\"@id\":\"https:\/\/viveromartinez.es\/#website\"},\"primaryImageOfPage\":{\"@id\":\"https:\/\/viveromartinez.es\/index.php\/2024\/02\/14\/dracena-marginata\/#primaryimage\"},\"image\":{\"@id\":\"https:\/\/viveromartinez.es\/index.php\/2024\/02\/14\/dracena-marginata\/#primaryimage\"},\"thumbnailUrl\":\"https:\/\/viveromartinez.es\/wp-content\/uploads\/2024\/02\/dra\u0301cena.jpeg\",\"datePublished\":\"2024-02-14T22:15:41+00:00\",\"dateModified\":\"2024-02-14T22:18:13+00:00\",\"breadcrumb\":{\"@id\":\"https:\/\/viveromartinez.es\/index.php\/2024\/02\/14\/dracena-marginata\/#breadcrumb\"},\"inLanguage\":\"es\",\"potentialAction\":[{\"@type\":\"ReadAction\",\"target\":[\"https:\/\/viveromartinez.es\/index.php\/2024\/02\/14\/dracena-marginata\/\"]}]},{\"@type\":\"ImageObject\",\"inLanguage\":\"es\",\"@id\":\"https:\/\/viveromartinez.es\/index.php\/2024\/02\/14\/dracena-marginata\/#primaryimage\",\"url\":\"https:\/\/viveromartinez.es\/wp-content\/uploads\/2024\/02\/dra\u0301cena.jpeg\",\"contentUrl\":\"https:\/\/viveromartinez.es\/wp-content\/uploads\/2024\/02\/dra\u0301cena.jpeg\",\"width\":1600,\"height\":1354,\"caption\":\"Dr\u00e1cena Marginata\"},{\"@type\":\"BreadcrumbList\",\"@id\":\"https:\/\/viveromartinez.es\/index.php\/2024\/02\/14\/dracena-marginata\/#breadcrumb\",\"itemListElement\":[{\"@type\":\"ListItem\",\"position\":1,\"name\":\"Portada\",\"item\":\"https:\/\/viveromartinez.es\/\"},{\"@type\":\"ListItem\",\"position\":2,\"name\":\"Dr\u00e1cena marginata\"}]},{\"@type\":\"WebSite\",\"@id\":\"https:\/\/viveromartinez.es\/#website\",\"url\":\"https:\/\/viveromartinez.es\/\",\"name\":\"vivero martinez martin\",\"description\":\"\",\"publisher\":{\"@id\":\"https:\/\/viveromartinez.es\/#organization\"},\"potentialAction\":[{\"@type\":\"SearchAction\",\"target\":{\"@type\":\"EntryPoint\",\"urlTemplate\":\"https:\/\/viveromartinez.es\/?s={search_term_string}\"},\"query-input\":{\"@type\":\"PropertyValueSpecification\",\"valueRequired\":true,\"valueName\":\"search_term_string\"}}],\"inLanguage\":\"es\"},{\"@type\":\"Organization\",\"@id\":\"https:\/\/viveromartinez.es\/#organization\",\"name\":\"vivero martinez martin\",\"url\":\"https:\/\/viveromartinez.es\/\",\"logo\":{\"@type\":\"ImageObject\",\"inLanguage\":\"es\",\"@id\":\"https:\/\/viveromartinez.es\/#\/schema\/logo\/image\/\",\"url\":\"https:\/\/viveromartinez.es\/wp-content\/uploads\/2024\/02\/360_F_152523027_2HeqCOUdH7esfE1RdRKgcsb3yqYjuDQn.jpg\",\"contentUrl\":\"https:\/\/viveromartinez.es\/wp-content\/uploads\/2024\/02\/360_F_152523027_2HeqCOUdH7esfE1RdRKgcsb3yqYjuDQn.jpg\",\"width\":439,\"height\":360,\"caption\":\"vivero martinez martin\"},\"image\":{\"@id\":\"https:\/\/viveromartinez.es\/#\/schema\/logo\/image\/\"}},{\"@type\":\"Person\",\"@id\":\"https:\/\/viveromartinez.es\/#\/schema\/person\/fcf74519369c5f3ea475bdbdfb10e0c2\",\"name\":\"vivero-admin\",\"image\":{\"@type\":\"ImageObject\",\"inLanguage\":\"es\",\"@id\":\"https:\/\/viveromartinez.es\/#\/schema\/person\/image\/\",\"url\":\"https:\/\/secure.gravatar.com\/avatar\/6757607830600df1498e09597752e79d064023c3f13ba69c92e0a5c709400147?s=96&d=mm&r=g\",\"contentUrl\":\"https:\/\/secure.gravatar.com\/avatar\/6757607830600df1498e09597752e79d064023c3f13ba69c92e0a5c709400147?s=96&d=mm&r=g\",\"caption\":\"vivero-admin\"},\"sameAs\":[\"https:\/\/viveromartinez.es\"],\"url\":\"https:\/\/viveromartinez.es\/index.php\/author\/vivero-admin\/\"}]}<\/script>\n<!-- \/ Yoast SEO plugin. -->","yoast_head_json":{"title":"Dr\u00e1cena marginata - VIVERO EN ELCHE - VIVERO MARTINEZ","robots":{"index":"index","follow":"follow","max-snippet":"max-snippet:-1","max-image-preview":"max-image-preview:large","max-video-preview":"max-video-preview:-1"},"canonical":"https:\/\/viveromartinez.es\/index.php\/2024\/02\/14\/dracena-marginata\/","og_locale":"es_ES","og_type":"article","og_title":"Dr\u00e1cena marginata - VIVERO EN ELCHE - VIVERO MARTINEZ","og_description":"Es una de las\u00a0plantas de interior\u00a0que podr\u00edamos considerar perfectas. No solo es hermosa y sumamente decorativa: adem\u00e1s, tiene una incre\u00edble capacidad de desarrollo en nuestro hogar, adapt\u00e1ndose a las mil maravillas a sus condiciones. Por si estas razones no fueran suficientes, hay una m\u00e1s para decantarse por ella: los\u00a0cuidados de la Dracaena Marginata\u00a0son perfectamente asumibles [&hellip;]","og_url":"https:\/\/viveromartinez.es\/index.php\/2024\/02\/14\/dracena-marginata\/","og_site_name":"VIVERO EN ELCHE - VIVERO MARTINEZ","article_published_time":"2024-02-14T22:15:41+00:00","article_modified_time":"2024-02-14T22:18:13+00:00","og_image":[{"width":1600,"height":1354,"url":"http:\/\/viveromartinez.es\/wp-content\/uploads\/2024\/02\/dra\u0301cena.jpeg","type":"image\/jpeg"}],"author":"vivero-admin","twitter_card":"summary_large_image","twitter_misc":{"Escrito por":"vivero-admin","Tiempo de lectura":"1 minuto"},"schema":{"@context":"https:\/\/schema.org","@graph":[{"@type":"Article","@id":"https:\/\/viveromartinez.es\/index.php\/2024\/02\/14\/dracena-marginata\/#article","isPartOf":{"@id":"https:\/\/viveromartinez.es\/index.php\/2024\/02\/14\/dracena-marginata\/"},"author":{"name":"vivero-admin","@id":"https:\/\/viveromartinez.es\/#\/schema\/person\/fcf74519369c5f3ea475bdbdfb10e0c2"},"headline":"Dr\u00e1cena marginata","datePublished":"2024-02-14T22:15:41+00:00","dateModified":"2024-02-14T22:18:13+00:00","mainEntityOfPage":{"@id":"https:\/\/viveromartinez.es\/index.php\/2024\/02\/14\/dracena-marginata\/"},"wordCount":177,"publisher":{"@id":"https:\/\/viveromartinez.es\/#organization"},"image":{"@id":"https:\/\/viveromartinez.es\/index.php\/2024\/02\/14\/dracena-marginata\/#primaryimage"},"thumbnailUrl":"https:\/\/viveromartinez.es\/wp-content\/uploads\/2024\/02\/dra\u0301cena.jpeg","inLanguage":"es"},{"@type":"WebPage","@id":"https:\/\/viveromartinez.es\/index.php\/2024\/02\/14\/dracena-marginata\/","url":"https:\/\/viveromartinez.es\/index.php\/2024\/02\/14\/dracena-marginata\/","name":"Dr\u00e1cena marginata - VIVERO EN ELCHE - VIVERO MARTINEZ","isPartOf":{"@id":"https:\/\/viveromartinez.es\/#website"},"primaryImageOfPage":{"@id":"https:\/\/viveromartinez.es\/index.php\/2024\/02\/14\/dracena-marginata\/#primaryimage"},"image":{"@id":"https:\/\/viveromartinez.es\/index.php\/2024\/02\/14\/dracena-marginata\/#primaryimage"},"thumbnailUrl":"https:\/\/viveromartinez.es\/wp-content\/uploads\/2024\/02\/dra\u0301cena.jpeg","datePublished":"2024-02-14T22:15:41+00:00","dateModified":"2024-02-14T22:18:13+00:00","breadcrumb":{"@id":"https:\/\/viveromartinez.es\/index.php\/2024\/02\/14\/dracena-marginata\/#breadcrumb"},"inLanguage":"es","potentialAction":[{"@type":"ReadAction","target":["https:\/\/viveromartinez.es\/index.php\/2024\/02\/14\/dracena-marginata\/"]}]},{"@type":"ImageObject","inLanguage":"es","@id":"https:\/\/viveromartinez.es\/index.php\/2024\/02\/14\/dracena-marginata\/#primaryimage","url":"https:\/\/viveromartinez.es\/wp-content\/uploads\/2024\/02\/dra\u0301cena.jpeg","contentUrl":"https:\/\/viveromartinez.es\/wp-content\/uploads\/2024\/02\/dra\u0301cena.jpeg","width":1600,"height":1354,"caption":"Dr\u00e1cena Marginata"},{"@type":"BreadcrumbList","@id":"https:\/\/viveromartinez.es\/index.php\/2024\/02\/14\/dracena-marginata\/#breadcrumb","itemListElement":[{"@type":"ListItem","position":1,"name":"Portada","item":"https:\/\/viveromartinez.es\/"},{"@type":"ListItem","position":2,"name":"Dr\u00e1cena marginata"}]},{"@type":"WebSite","@id":"https:\/\/viveromartinez.es\/#website","url":"https:\/\/viveromartinez.es\/","name":"vivero martinez martin","description":"","publisher":{"@id":"https:\/\/viveromartinez.es\/#organization"},"potentialAction":[{"@type":"SearchAction","target":{"@type":"EntryPoint","urlTemplate":"https:\/\/viveromartinez.es\/?s={search_term_string}"},"query-input":{"@type":"PropertyValueSpecification","valueRequired":true,"valueName":"search_term_string"}}],"inLanguage":"es"},{"@type":"Organization","@id":"https:\/\/viveromartinez.es\/#organization","name":"vivero martinez martin","url":"https:\/\/viveromartinez.es\/","logo":{"@type":"ImageObject","inLanguage":"es","@id":"https:\/\/viveromartinez.es\/#\/schema\/logo\/image\/","url":"https:\/\/viveromartinez.es\/wp-content\/uploads\/2024\/02\/360_F_152523027_2HeqCOUdH7esfE1RdRKgcsb3yqYjuDQn.jpg","contentUrl":"https:\/\/viveromartinez.es\/wp-content\/uploads\/2024\/02\/360_F_152523027_2HeqCOUdH7esfE1RdRKgcsb3yqYjuDQn.jpg","width":439,"height":360,"caption":"vivero martinez martin"},"image":{"@id":"https:\/\/viveromartinez.es\/#\/schema\/logo\/image\/"}},{"@type":"Person","@id":"https:\/\/viveromartinez.es\/#\/schema\/person\/fcf74519369c5f3ea475bdbdfb10e0c2","name":"vivero-admin","image":{"@type":"ImageObject","inLanguage":"es","@id":"https:\/\/viveromartinez.es\/#\/schema\/person\/image\/","url":"https:\/\/secure.gravatar.com\/avatar\/6757607830600df1498e09597752e79d064023c3f13ba69c92e0a5c709400147?s=96&d=mm&r=g","contentUrl":"https:\/\/secure.gravatar.com\/avatar\/6757607830600df1498e09597752e79d064023c3f13ba69c92e0a5c709400147?s=96&d=mm&r=g","caption":"vivero-admin"},"sameAs":["https:\/\/viveromartinez.es"],"url":"https:\/\/viveromartinez.es\/index.php\/author\/vivero-admin\/"}]}},"uagb_featured_image_src":{"full":["https:\/\/viveromartinez.es\/wp-content\/uploads\/2024\/02\/dra\u0301cena.jpeg",1600,1354,false],"thumbnail":["https:\/\/viveromartinez.es\/wp-content\/uploads\/2024\/02\/dra\u0301cena-150x150.jpeg",150,150,true],"medium":["https:\/\/viveromartinez.es\/wp-content\/uploads\/2024\/02\/dra\u0301cena-300x254.jpeg",300,254,true],"medium_large":["https:\/\/viveromartinez.es\/wp-content\/uploads\/2024\/02\/dra\u0301cena-768x650.jpeg",768,650,true],"large":["https:\/\/viveromartinez.es\/wp-content\/uploads\/2024\/02\/dra\u0301cena-1024x867.jpeg",1024,867,true],"1536x1536":["https:\/\/viveromartinez.es\/wp-content\/uploads\/2024\/02\/dra\u0301cena-1536x1300.jpeg",1536,1300,true],"2048x2048":["https:\/\/viveromartinez.es\/wp-content\/uploads\/2024\/02\/dra\u0301cena.jpeg",1600,1354,false]},"uagb_author_info":{"display_name":"vivero-admin","author_link":"https:\/\/viveromartinez.es\/index.php\/author\/vivero-admin\/"},"uagb_comment_info":0,"uagb_excerpt":"Es una de las\u00a0plantas de interior\u00a0que podr\u00edamos considerar perfectas. No solo es hermosa y sumamente decorativa: adem\u00e1s, tiene una incre\u00edble capacidad de desarrollo en nuestro hogar, adapt\u00e1ndose a las mil maravillas a sus condiciones. Por si estas razones no fueran suficientes, hay una m\u00e1s para decantarse por ella: los\u00a0cuidados de la Dracaena Marginata\u00a0son perfectamente asumibles&hellip;","_links":{"self":[{"href":"https:\/\/viveromartinez.es\/index.php\/wp-json\/wp\/v2\/posts\/208","targetHints":{"allow":["GET"]}}],"collection":[{"href":"https:\/\/viveromartinez.es\/index.php\/wp-json\/wp\/v2\/posts"}],"about":[{"href":"https:\/\/viveromartinez.es\/index.php\/wp-json\/wp\/v2\/types\/post"}],"author":[{"embeddable":true,"href":"https:\/\/viveromartinez.es\/index.php\/wp-json\/wp\/v2\/users\/1"}],"replies":[{"embeddable":true,"href":"https:\/\/viveromartinez.es\/index.php\/wp-json\/wp\/v2\/comments?post=208"}],"version-history":[{"count":1,"href":"https:\/\/viveromartinez.es\/index.php\/wp-json\/wp\/v2\/posts\/208\/revisions"}],"predecessor-version":[{"id":211,"href":"https:\/\/viveromartinez.es\/index.php\/wp-json\/wp\/v2\/posts\/208\/revisions\/211"}],"wp:featuredmedia":[{"embeddable":true,"href":"https:\/\/viveromartinez.es\/index.php\/wp-json\/wp\/v2\/media\/210"}],"wp:attachment":[{"href":"https:\/\/viveromartinez.es\/index.php\/wp-json\/wp\/v2\/media?parent=208"}],"wp:term":[{"taxonomy":"category","embeddable":true,"href":"https:\/\/viveromartinez.es\/index.php\/wp-json\/wp\/v2\/categories?post=208"},{"taxonomy":"post_tag","embeddable":true,"href":"https:\/\/viveromartinez.es\/index.php\/wp-json\/wp\/v2\/tags?post=208"}],"curies":[{"name":"wp","href":"https:\/\/api.w.org\/{rel}","templated":true}]}}